{"id":196,"date":"2017-06-15T08:52:32","date_gmt":"2017-06-15T06:52:32","guid":{"rendered":"http:\/\/altitude.godesignspace.com\/?p=196"},"modified":"2018-10-05T12:02:34","modified_gmt":"2018-10-05T10:02:34","slug":"taxameter","status":"publish","type":"post","link":"https:\/\/www.taxi-garage.de\/cms\/2017\/06\/taxameter\/","title":{"rendered":"Taxameter-Service"},"content":{"rendered":"<p>[et_pb_section fb_built=&#8220;1&#8243; admin_label=&#8220;section&#8220; _builder_version=&#8220;3.16&#8243; background_color=&#8220;#ffffff&#8220; custom_margin=&#8220;|||&#8220; custom_padding=&#8220;|||&#8220;][et_pb_row admin_label=&#8220;row&#8220; _builder_version=&#8220;3.16&#8243; background_size=&#8220;initial&#8220; background_position=&#8220;top_left&#8220; background_repeat=&#8220;repeat&#8220;][et_pb_column type=&#8220;4_4&#8243; _builder_version=&#8220;3.0.47&#8243; parallax=&#8220;off&#8220; parallax_method=&#8220;on&#8220;][et_pb_image src=&#8220;https:\/\/www.taxi-garage.de\/cms\/wp-content\/uploads\/2017\/06\/Fahrdienste-FullScreen-TaxiPreis.jpg&#8220; _builder_version=&#8220;3.9&#8243;][\/et_pb_image][et_pb_text admin_label=&#8220;Text Eichrecht&#8220; _builder_version=&#8220;3.9&#8243; header_3_line_height=&#8220;1.4em&#8220; background_size=&#8220;initial&#8220; background_position=&#8220;top_left&#8220; background_repeat=&#8220;repeat&#8220; module_alignment=&#8220;left&#8220; filter_invert=&#8220;16%&#8220;]<\/p>\n<div id=\"c171\" class=\"csc-default\">\n<p class=\"bodytext\">Seit 01. Juli 2015 wird in Baden-W\u00fcrttemberg das Eichrecht gem\u00e4\u00df der europ\u00e4ischen Messger\u00e4terichtlinie MID umgesetzt. Die Anforderungen an Taxen ( und an uns als Taxameterdienst ) sind hier stark gestiegen.<\/p>\n<p class=\"bodytext\">Die bisherige Ersteichung wird ersetzt durch ein Konformit\u00e4tsbewertungsverfahren, das der Hersteller des Messger\u00e4ts in Zusammenarbeit mit einer benannten Stelle durchf\u00fchrt.<\/p>\n<\/div>\n<div id=\"c179\" class=\"csc-default\">\n<ul class=\"csc-bulletlist csc-bulletlist-0\">\n<li class=\"odd\">Das Messger\u00e4t ist der Taxameter in Verbindung mit einem Fahrzeug und einem Wegstreckensignalgeber und einem Tarif (also das Gesamtsystem). Dessen Hersteller sind in diesem Fall wir.<\/li>\n<li class=\"even\">Wir beantragen diese Pr\u00fcfung, die benannte Stelle ist in diesem Fall eine externe Abteilung des Eich- und Beschusswesens Baden-W\u00fcrttemberg, die zu diesem Zweck gegr\u00fcndet wurde. Diese pr\u00fcft die Konformit\u00e4t des Messger\u00e4tes mit den Vorschriften der MID und des MessEG.<\/li>\n<li class=\"odd\">Dann f\u00fchrt das \u00f6rtliche Eichamt eine technische Pr\u00fcfung durch und h\u00e4ndigt dem Hersteller eine Konformit\u00e4tsbescheinigung aus. Achtung: Es wird KEIN Hauptstempel mit Zeitpunkt der n\u00e4chsten Eichf\u00e4lligkeit mehr angebracht!<\/li>\n<li class=\"even\">Der Hersteller bringt in der Regel auf der B-S\u00e4ule des Fahrzeugs ein Typenschild an und h\u00e4ndigt dem Messger\u00e4tebesitzer eine Konformit\u00e4tserkl\u00e4rung aus. Aufgrund dieser darf er das Messger\u00e4t einsetzen.<\/li>\n<\/ul>\n<div id=\"c176\" class=\"csc-default\">\n<div class=\"csc-header csc-header-n3\">\n<h3>OHNE eine Herstellerbescheinigung kann eine Nachr\u00fcstung nicht erfolgen!<\/h3>\n<\/div>\n<p class=\"bodytext\">Bitte kl\u00e4ren Sie VOR Kauf eines nicht vorger\u00fcsteten Fahrzeugs mit uns und dem Verk\u00e4ufer, ob eine Bescheinigung zu \u00fcberhaupt zu erhalten ist. Beispielsweise gibt es derzeit <b>keine Bescheinigungen von Mercedes-Benz, da es dort ausschlie\u00dflich Taxipakete ab Werk gibt.<br \/>\n<\/b><\/p>\n<p class=\"bodytext\">Als erfahrener und von der Eichdirektion anerkannter Taxameter-Service-Anbieter beraten wir Sie kompetent zu den Fragen, ob und wie eine Umr\u00fcstung nach der neuen Gesetzgebung erfolgen kann.<\/p>\n<p><a href=\"\/cms\/taxi-werkstatt\/taxameter-service\/unterlagen-zur-eichabnahme\/\" target=\"_blank\" rel=\"noopener\"><span style=\"font-size: 14pt;\"><strong>&gt; Welche Unterlagen muss ich mitbringen?<\/strong><\/span><\/a><\/p>\n<\/div>\n<\/div>\n<p>[\/et_pb_text][\/et_pb_column][\/et_pb_row][\/et_pb_section]<\/p>\n","protected":false},"excerpt":{"rendered":"<p>Seit 01. Juli 2015 wird in Baden-W\u00fcrttemberg das Eichrecht gem\u00e4\u00df der europ\u00e4ischen Messger\u00e4terichtlinie MID umgesetzt.<\/p>\n","protected":false},"author":1,"featured_media":26268,"comment_status":"open","ping_status":"open","sticky":false,"template":"","format":"standard","meta":{"_et_pb_use_builder":"on","_et_pb_old_content":"","_et_gb_content_width":"","footnotes":""},"categories":[2],"tags":[],"class_list":["post-196","post","type-post","status-publish","format-standard","has-post-thumbnail","hentry","category-news"],"_links":{"self":[{"href":"https:\/\/www.taxi-garage.de\/cms\/wp-json\/wp\/v2\/posts\/196","targetHints":{"allow":["GET"]}}],"collection":[{"href":"https:\/\/www.taxi-garage.de\/cms\/wp-json\/wp\/v2\/posts"}],"about":[{"href":"https:\/\/www.taxi-garage.de\/cms\/wp-json\/wp\/v2\/types\/post"}],"author":[{"embeddable":true,"href":"https:\/\/www.taxi-garage.de\/cms\/wp-json\/wp\/v2\/users\/1"}],"replies":[{"embeddable":true,"href":"https:\/\/www.taxi-garage.de\/cms\/wp-json\/wp\/v2\/comments?post=196"}],"version-history":[{"count":0,"href":"https:\/\/www.taxi-garage.de\/cms\/wp-json\/wp\/v2\/posts\/196\/revisions"}],"wp:featuredmedia":[{"embeddable":true,"href":"https:\/\/www.taxi-garage.de\/cms\/wp-json\/wp\/v2\/media\/26268"}],"wp:attachment":[{"href":"https:\/\/www.taxi-garage.de\/cms\/wp-json\/wp\/v2\/media?parent=196"}],"wp:term":[{"taxonomy":"category","embeddable":true,"href":"https:\/\/www.taxi-garage.de\/cms\/wp-json\/wp\/v2\/categories?post=196"},{"taxonomy":"post_tag","embeddable":true,"href":"https:\/\/www.taxi-garage.de\/cms\/wp-json\/wp\/v2\/tags?post=196"}],"curies":[{"name":"wp","href":"https:\/\/api.w.org\/{rel}","templated":true}]}}